{"id":2185,"date":"2023-08-10T23:15:53","date_gmt":"2023-08-10T23:15:53","guid":{"rendered":"https:\/\/controldevuelo.com.ar\/web\/?p=2185"},"modified":"2023-08-10T23:18:11","modified_gmt":"2023-08-10T23:18:11","slug":"dia-de-la-fuerza-aerea-argentina-desfile-con-mas-de-1500-efectivos-y-100-aeronaves","status":"publish","type":"post","link":"https:\/\/aeros.com.ar\/web\/dia-de-la-fuerza-aerea-argentina-desfile-con-mas-de-1500-efectivos-y-100-aeronaves\/","title":{"rendered":"D\u00eda de la Fuerza A\u00e9rea Argentina: desfile con m\u00e1s de 1500 efectivos y 100 aeronaves"},"content":{"rendered":"\n<p>Cada 10 de agosto se conmemora el aniversario de la Fuerza A\u00e9rea Argentina al recordar ese d\u00eda de 1912, cuando el entonces presidente de la Naci\u00f3n, Roque S\u00e1enz Pe\u00f1a, cre\u00f3 por decreto la Escuela de Aviaci\u00f3n Militar en terrenos bonaerenses de El Palomar, constituy\u00e9ndose as\u00ed en el primer organismo estatal destinado a la ense\u00f1anza del vuelo militar y en la primera unidad a\u00e9rea militar del pa\u00eds.<\/p>\n\n\n\n<!--more-->\n\n\n\n<p>A partir de ese momento comenz\u00f3 a trazar su derrotero una nueva Fuerza Armada independiente, en l\u00ednea con el Ej\u00e9rcito y la Armada, que se ratific\u00f3 como tal el 4 de enero de 1945 con la creaci\u00f3n de la Secretar\u00eda de Aeron\u00e1utica.<\/p>\n\n\n\n<p>el evento cont\u00f3 con el tradicional desfile a\u00e9reo, del que participaron las aeronaves: Boeing 737, IA 63 Pampa III, Fokker F28, Lear LJ-35, H\u00e9rcules C-130, SAAB SF-34, Hur\u00f3n TC-12B (PAR-3, MOR-1), Grob G-120, Twin DHC-6, TUCAN E-312, Pucar\u00e1 IA-58, Grob G-120, Tango LJ60, Lockheed Martin A-4AR FightinghEwk y los helic\u00f3pteros Bell 412, Bell 212 Hughes 500 y LAMA.<\/p>\n\n\n\n<p>Finalmente, se llev\u00f3 a cabo un desfile militar terrestre del cual participaron 1500 efectivos de las diversas agrupaciones de la Fuerza A\u00e9rea desplegadas a lo largo y ancho del territorio nacional.<\/p>\n","protected":false},"excerpt":{"rendered":"<p>Cada 10 de agosto se conmemora el aniversario de la Fuerza A\u00e9rea Argentina al recordar ese d\u00eda de 1912, cuando el entonces presidente de la Naci\u00f3n, Roque S\u00e1enz Pe\u00f1a, cre\u00f3 por decreto la Escuela de Aviaci\u00f3n Militar en terrenos bonaerenses de El Palomar, constituy\u00e9ndose as\u00ed en el primer organismo estatal destinado a la ense\u00f1anza del [&hellip;]<\/p>\n","protected":false},"author":1,"featured_media":2186,"comment_status":"closed","ping_status":"closed","sticky":false,"template":"","format":"standard","meta":{"footnotes":""},"categories":[1],"tags":[],"class_list":["post-2185","post","type-post","status-publish","format-standard","has-post-thumbnail","hentry","category-uncategorized"],"_links":{"self":[{"href":"https:\/\/aeros.com.ar\/web\/wp-json\/wp\/v2\/posts\/2185","targetHints":{"allow":["GET"]}}],"collection":[{"href":"https:\/\/aeros.com.ar\/web\/wp-json\/wp\/v2\/posts"}],"about":[{"href":"https:\/\/aeros.com.ar\/web\/wp-json\/wp\/v2\/types\/post"}],"author":[{"embeddable":true,"href":"https:\/\/aeros.com.ar\/web\/wp-json\/wp\/v2\/users\/1"}],"replies":[{"embeddable":true,"href":"https:\/\/aeros.com.ar\/web\/wp-json\/wp\/v2\/comments?post=2185"}],"version-history":[{"count":2,"href":"https:\/\/aeros.com.ar\/web\/wp-json\/wp\/v2\/posts\/2185\/revisions"}],"predecessor-version":[{"id":2189,"href":"https:\/\/aeros.com.ar\/web\/wp-json\/wp\/v2\/posts\/2185\/revisions\/2189"}],"wp:featuredmedia":[{"embeddable":true,"href":"https:\/\/aeros.com.ar\/web\/wp-json\/wp\/v2\/media\/2186"}],"wp:attachment":[{"href":"https:\/\/aeros.com.ar\/web\/wp-json\/wp\/v2\/media?parent=2185"}],"wp:term":[{"taxonomy":"category","embeddable":true,"href":"https:\/\/aeros.com.ar\/web\/wp-json\/wp\/v2\/categories?post=2185"},{"taxonomy":"post_tag","embeddable":true,"href":"https:\/\/aeros.com.ar\/web\/wp-json\/wp\/v2\/tags?post=2185"}],"curies":[{"name":"wp","href":"https:\/\/api.w.org\/{rel}","templated":true}]}}